{"id":138,"date":"2012-08-10T15:03:38","date_gmt":"2012-08-10T15:03:38","guid":{"rendered":"http:\/\/boelwerner.com\/wp\/?p=138"},"modified":"2012-08-11T18:27:01","modified_gmt":"2012-08-11T18:27:01","slug":"vild","status":"publish","type":"post","link":"https:\/\/boelwerner.com\/wp\/?p=138","title":{"rendered":"Vild"},"content":{"rendered":"<div id=\"fb_share_1\" style=\"float: right; margin-left: 10px;\"><a name=\"fb_share\" type=\"box_count\" share_url=\"https:\/\/boelwerner.com\/wp\/?p=138\" href=\"http:\/\/www.facebook.com\/sharer.php\">Share<\/a><\/div><div><script src=\"http:\/\/static.ak.fbcdn.net\/connect.php\/js\/FB.Share\" type=\"text\/javascript\"><\/script><\/div><p>Vild \u00e4r min ungdomsroman som kom f\u00f6r en del \u00e5r sen, och som nu f\u00e5tt nytt liv som e-bok.<\/p>\n<p>Den handlar om Irma vars kropp f\u00f6r\u00e4ndras n\u00e4r hon kommer in i ton\u00e5ren. Men inte p\u00e5 det vanliga s\u00e4ttet. F\u00f6r hon f\u00e5r en svans!<\/p>\n<p>Kortedala och Gamlestadens biblioteksblogg skrev s\u00e5 h\u00e4r om Vild:<\/p>\n<p><em>&#8220;Den \u00e4r v\u00e4lskriven, sp\u00e4nnande, originell. Boken handlar om Irma som g\u00e5r i h\u00f6gstadiet och inte har n\u00e5gra kompisar. En dag f\u00e5r hon ont i ryggen. Det \u00e4r n\u00e5got som b\u00f6rjar v\u00e4xa d\u00e4r bak, en svans. Irma h\u00e5ller p\u00e5 att f\u00f6rvandlas, f\u00f6rvildas och hon flyr ut i skogen, d\u00e4r hon lever p\u00e5 vad naturen bjuder henne. Det som g\u00f6r boken s\u00e5 bra \u00e4r den \u00f6vertygande gestaltningen. F\u00f6rvandlingen sker p\u00e5 ett s\u00e4tt s\u00e5 att man tror p\u00e5 den. F\u00f6rvildandet blir intressant och lockande.&#8221;<\/em><\/p>\n<p>Bonnier-Carlsen 2008<\/p>\n<p>Text och omslag: Boel Werner<\/p>\n<p>Omslagsfoto: Carina L\u00e4nk<\/p>\n<p>Du kan k\u00f6pa den <a href=\"http:\/\/www.adlibris.com\/se\/product.aspx?isbn=9163702959\" target=\"_blank\">h\u00e4r &gt;&gt;<\/a> eller l\u00e5na den p\u00e5 bibblan till din surfplatta.<\/p>\n<p><a href=\"http:\/\/boelwerner.com\/wp\/wp-content\/uploads\/2012\/08\/boelwerner_vild1A.jpg\"><img loading=\"lazy\" class=\"alignnone  wp-image-142\" title=\"boelwerner_vild1A\" src=\"http:\/\/boelwerner.com\/wp\/wp-content\/uploads\/2012\/08\/boelwerner_vild1A.jpg\" alt=\"\" width=\"961\" height=\"578\" srcset=\"https:\/\/boelwerner.com\/wp\/wp-content\/uploads\/2012\/08\/boelwerner_vild1A.jpg 1000w, https:\/\/boelwerner.com\/wp\/wp-content\/uploads\/2012\/08\/boelwerner_vild1A-300x180.jpg 300w\" sizes=\"(max-width: 961px) 100vw, 961px\" \/><\/a><\/p>\n","protected":false},"excerpt":{"rendered":"<p>ShareVild \u00e4r min ungdomsroman som kom f\u00f6r en del \u00e5r sen, och som nu f\u00e5tt nytt liv som e-bok. Den handlar om Irma vars kropp f\u00f6r\u00e4ndras n\u00e4r hon kommer in i ton\u00e5ren. Men inte p\u00e5 det vanliga s\u00e4ttet. F\u00f6r hon f\u00e5r en svans! Kortedala och Gamlestadens biblioteksblogg skrev s\u00e5 h\u00e4r om Vild: &#8220;Den \u00e4r v\u00e4lskriven, [&hellip;]<\/p>\n","protected":false},"author":1,"featured_media":142,"comment_status":"open","ping_status":"open","sticky":false,"template":"","format":"standard","meta":[],"categories":[3,5],"tags":[10,7,9,8],"_links":{"self":[{"href":"https:\/\/boelwerner.com\/wp\/index.php?rest_route=\/wp\/v2\/posts\/138"}],"collection":[{"href":"https:\/\/boelwerner.com\/wp\/index.php?rest_route=\/wp\/v2\/posts"}],"about":[{"href":"https:\/\/boelwerner.com\/wp\/index.php?rest_route=\/wp\/v2\/types\/post"}],"author":[{"embeddable":true,"href":"https:\/\/boelwerner.com\/wp\/index.php?rest_route=\/wp\/v2\/users\/1"}],"replies":[{"embeddable":true,"href":"https:\/\/boelwerner.com\/wp\/index.php?rest_route=%2Fwp%2Fv2%2Fcomments&post=138"}],"version-history":[{"count":8,"href":"https:\/\/boelwerner.com\/wp\/index.php?rest_route=\/wp\/v2\/posts\/138\/revisions"}],"predecessor-version":[{"id":202,"href":"https:\/\/boelwerner.com\/wp\/index.php?rest_route=\/wp\/v2\/posts\/138\/revisions\/202"}],"wp:featuredmedia":[{"embeddable":true,"href":"https:\/\/boelwerner.com\/wp\/index.php?rest_route=\/wp\/v2\/media\/142"}],"wp:attachment":[{"href":"https:\/\/boelwerner.com\/wp\/index.php?rest_route=%2Fwp%2Fv2%2Fmedia&parent=138"}],"wp:term":[{"taxonomy":"category","embeddable":true,"href":"https:\/\/boelwerner.com\/wp\/index.php?rest_route=%2Fwp%2Fv2%2Fcategories&post=138"},{"taxonomy":"post_tag","embeddable":true,"href":"https:\/\/boelwerner.com\/wp\/index.php?rest_route=%2Fwp%2Fv2%2Ftags&post=138"}],"curies":[{"name":"wp","href":"https:\/\/api.w.org\/{rel}","templated":true}]}}